{"id":1147,"date":"2019-09-11T11:06:38","date_gmt":"2019-09-11T09:06:38","guid":{"rendered":"https:\/\/ilovetravelling.info\/?p=1147"},"modified":"2019-09-11T11:06:39","modified_gmt":"2019-09-11T09:06:39","slug":"les-destinations-preferees-des-francais-pour-les-vacances","status":"publish","type":"post","link":"https:\/\/ilovetravelling.info\/fr\/les-destinations-preferees-des-francais-pour-les-vacances\/","title":{"rendered":"Les destinations pr\u00e9f\u00e9r\u00e9es des Fran\u00e7ais pour les vacances"},"content":{"rendered":"\n<p>Nous savons que <strong>les vacances<\/strong> sont d\u00e9j\u00e0 termin\u00e9es pour beaucoup d&rsquo;entre nous. Nous sommes de retour au boulot mais nous pensons d\u00e9j\u00e0 \u00e0 nos <strong>prochaines destinations<\/strong> de vacances. Selon <strong>TripAdvisor,<\/strong> les Fran\u00e7ais pr\u00e9f\u00e8rent ces <strong>5 destinations<\/strong> pour passer des bons vacances.  Le classement \u00e9tabli par le site international <strong>au pr\u00e8s de 1900 voyageurs Fran\u00e7ais <\/strong>a constat\u00e9 que <strong>4 sur 5 pr\u00e9voient rendre visite aux destinations suivantes.<\/strong>  <\/p>\n\n\n\n<h3><strong>1. La Corse, France  <\/strong><\/h3>\n\n\n\n<figure class=\"wp-block-image\"><img loading=\"lazy\" width=\"1024\" height=\"671\" src=\"https:\/\/ilovetravelling.info\/wp-content\/uploads\/2019\/09\/corse1-1024x671.jpg\" alt=\"\" class=\"wp-image-1150\" srcset=\"https:\/\/ilovetravelling.info\/wp-content\/uploads\/2019\/09\/corse1-1024x671.jpg 1024w, https:\/\/ilovetravelling.info\/wp-content\/uploads\/2019\/09\/corse1-300x197.jpg 300w, https:\/\/ilovetravelling.info\/wp-content\/uploads\/2019\/09\/corse1-768x503.jpg 768w, https:\/\/ilovetravelling.info\/wp-content\/uploads\/2019\/09\/corse1.jpg 1164w\" sizes=\"(max-width: 1024px) 100vw, 1024px\" \/><\/figure>\n\n\n\n<p>Ce n&rsquo;est pas choquant du tout que <strong>la premi\u00e8re destination<\/strong> choisie par les Fran\u00e7ais&#8230; <strong>est la France<\/strong>. <strong>La Corse,<\/strong> une \u00eele situ\u00e9e dans le bassin occidental de la <a href=\"https:\/\/fr.wikipedia.org\/wiki\/Mer_M\u00e9diterran\u00e9e\">mer M\u00e9diterran\u00e9e<\/a>, \u00e0 12 au nord de la <a href=\"https:\/\/fr.wikipedia.org\/wiki\/Sardaigne\">Sardaigne<\/a>. Cet <strong>endroit exotique<\/strong> connu pour ces <strong>belles plages au coeur de la nature<\/strong>, est \u00e9lu meilleur destination cet \u00e9t\u00e9 par <strong>56% des Fran\u00e7ais <\/strong>qui ont particip\u00e9 au sondage de <strong>TripAdvisor. <\/strong><\/p>\n\n\n\n<h3><strong>2. Majorque, Espagne<\/strong><\/h3>\n\n\n\n<figure class=\"wp-block-image\"><img loading=\"lazy\" width=\"767\" height=\"1024\" src=\"https:\/\/ilovetravelling.info\/wp-content\/uploads\/2019\/09\/reiseuhu-U6khpQUuypc-unsplash-767x1024.jpg\" alt=\"\" class=\"wp-image-1152\" srcset=\"https:\/\/ilovetravelling.info\/wp-content\/uploads\/2019\/09\/reiseuhu-U6khpQUuypc-unsplash-767x1024.jpg 767w, https:\/\/ilovetravelling.info\/wp-content\/uploads\/2019\/09\/reiseuhu-U6khpQUuypc-unsplash-225x300.jpg 225w, https:\/\/ilovetravelling.info\/wp-content\/uploads\/2019\/09\/reiseuhu-U6khpQUuypc-unsplash-768x1025.jpg 768w\" sizes=\"(max-width: 767px) 100vw, 767px\" \/><\/figure>\n\n\n\n<p>C&rsquo;est encore<strong> une autre \u00eele <\/strong>en haut du classement pour les Fran\u00e7ais. La plus grande des <a href=\"https:\/\/fr.wikipedia.org\/wiki\/\u00celes_Bal\u00e9ares\">\u00eeles Bal\u00e9ares<\/a>, qui se situe au milieu de la <strong>mer M\u00e9diterran\u00e9e<\/strong>, au large de <a href=\"https:\/\/fr.wikipedia.org\/wiki\/Valence_(Espagne)\">Valenc<\/a>e et <a href=\"https:\/\/fr.wikipedia.org\/wiki\/Barcelone\">Barcelone<\/a>. <strong>Majorque<\/strong> est connue pour ses <strong>magnifiques plages, sa vie nocturne et son style de vie abordable.  <\/strong><\/p>\n\n\n\n<h3><strong>3. Cr\u00eate, Gr\u00e8ce.<\/strong><\/h3>\n\n\n\n<figure class=\"wp-block-image\"><img loading=\"lazy\" width=\"1024\" height=\"576\" src=\"https:\/\/ilovetravelling.info\/wp-content\/uploads\/2019\/09\/greece-1602847_1280-1024x576.jpg\" alt=\"\" class=\"wp-image-1154\" srcset=\"https:\/\/ilovetravelling.info\/wp-content\/uploads\/2019\/09\/greece-1602847_1280-1024x576.jpg 1024w, https:\/\/ilovetravelling.info\/wp-content\/uploads\/2019\/09\/greece-1602847_1280-300x169.jpg 300w, https:\/\/ilovetravelling.info\/wp-content\/uploads\/2019\/09\/greece-1602847_1280-768x432.jpg 768w, https:\/\/ilovetravelling.info\/wp-content\/uploads\/2019\/09\/greece-1602847_1280.jpg 1280w\" sizes=\"(max-width: 1024px) 100vw, 1024px\" \/><\/figure>\n\n\n\n<p>Ce n&rsquo;est pas une surprise que l<strong>a Gr\u00e8ce<\/strong> soit une des destinations pr\u00e9f\u00e9r\u00e9es des Fran\u00e7ais. Ce petit pays connu pour <strong>son histoire, ses monuments et ses philosophes <\/strong>est devenu un lieu de vacances reconnu mondialement. <strong>Cr\u00eate<\/strong> compte des <a href=\"http:\/\/crete.decouverte.free.fr\/EchosCretemontagne.html\" target=\"_blank\" rel=\"noreferrer noopener\" aria-label=\"montagnes massifs, et des gorges assez \u00e9normes \u00e1 l'ouest de l'\u00eele.   (opens in a new tab)\">montagnes massifs, et des gorges assez \u00e9normes \u00e1 l&rsquo;ouest de l&rsquo;\u00eele.  <\/a><\/p>\n\n\n\n<h3><strong>4. New York, \u00c9tats-Unis<\/strong><\/h3>\n\n\n\n<figure class=\"wp-block-image\"><img loading=\"lazy\" width=\"1024\" height=\"596\" src=\"https:\/\/ilovetravelling.info\/wp-content\/uploads\/2019\/09\/colton-duke-UExx0KnnkjY-unsplash-1024x596.jpg\" alt=\"\" class=\"wp-image-1156\" srcset=\"https:\/\/ilovetravelling.info\/wp-content\/uploads\/2019\/09\/colton-duke-UExx0KnnkjY-unsplash-1024x596.jpg 1024w, https:\/\/ilovetravelling.info\/wp-content\/uploads\/2019\/09\/colton-duke-UExx0KnnkjY-unsplash-300x175.jpg 300w, https:\/\/ilovetravelling.info\/wp-content\/uploads\/2019\/09\/colton-duke-UExx0KnnkjY-unsplash-768x447.jpg 768w\" sizes=\"(max-width: 1024px) 100vw, 1024px\" \/><\/figure>\n\n\n\n<p><strong>La ville qui ne dort jamais<\/strong> a tout pour <strong>attirer l&rsquo;attention des touristes<\/strong>. La <strong>culture am\u00e9ricaine<\/strong> a toujours fascin\u00e9 les Fran\u00e7ais. <strong>Times Square, 5th Avenue et Brooklyn.<\/strong> Ces endroits vont vous faire r\u00eaver, et vous allez vous sentir comme dans un film&#8230;   <\/p>\n\n\n\n<h3><strong>5. Marrakech, Maroc.<\/strong><\/h3>\n\n\n\n<figure class=\"wp-block-image\"><img loading=\"lazy\" width=\"1024\" height=\"682\" src=\"https:\/\/ilovetravelling.info\/wp-content\/uploads\/2019\/09\/annie-spratt-2OvTq4hkxXk-unsplash-1024x682.jpg\" alt=\"\" class=\"wp-image-1158\" srcset=\"https:\/\/ilovetravelling.info\/wp-content\/uploads\/2019\/09\/annie-spratt-2OvTq4hkxXk-unsplash-1024x682.jpg 1024w, https:\/\/ilovetravelling.info\/wp-content\/uploads\/2019\/09\/annie-spratt-2OvTq4hkxXk-unsplash-300x200.jpg 300w, https:\/\/ilovetravelling.info\/wp-content\/uploads\/2019\/09\/annie-spratt-2OvTq4hkxXk-unsplash-768x511.jpg 768w, https:\/\/ilovetravelling.info\/wp-content\/uploads\/2019\/09\/annie-spratt-2OvTq4hkxXk-unsplash-600x400.jpg 600w\" sizes=\"(max-width: 1024px) 100vw, 1024px\" \/><\/figure>\n\n\n\n<p><strong>Marrakech<\/strong>, connue pour son <strong>climat chaud<\/strong>, ses <strong>habitants sympathiques<\/strong>, les <strong>jolies maison en rouge<\/strong> et sa <strong>merveilleuse architecture<\/strong>. Que ce soit au <a rel=\"noreferrer noopener\" aria-label=\"Palais El Bahia (opens in a new tab)\" href=\"https:\/\/www.palais-bahia.com\/es\/\" target=\"_blank\">Palais El Bahia<\/a>, au <a rel=\"noreferrer noopener\" aria-label=\"Mus\u00e9e Yves Saint Laurent (opens in a new tab)\" href=\"https:\/\/www.museeyslmarrakech.com\/fr\/\" target=\"_blank\">Mus\u00e9e Yves Saint Laurent<\/a>, <a rel=\"noreferrer noopener\" aria-label=\"Jamaa El fna (opens in a new tab)\" href=\"https:\/\/www.jemaa-el-fna.com\/\" target=\"_blank\">Jamaa El fna<\/a> ou m\u00eame le centre de la M\u00e9dina &#8230; <strong>Marrakesh est une destination pr\u00e9f\u00e9r\u00e9e<\/strong> des Fran\u00e7ais, mais aussi des c\u00e9l\u00e9brit\u00e9s comme <strong>Sarkozy, Karim Benzema et le rappeur Booba.<\/strong> <\/p>\n\n\n\n<p>Bon et <a href=\"https:\/\/ilovetravelling.info\/learn-how-to-travel-safely-with-these-tips\/\" target=\"_blank\" rel=\"noreferrer noopener\" aria-label=\"''safe''  (opens in a new tab)\">\u00a0\u00bbsafe\u00a0\u00bb <\/a>voyage!!! <\/p>\n\n\n\n<p class=\"has-small-font-size\">Photos: Unsplash, Pixabay<\/p>\n","protected":false},"excerpt":{"rendered":"<p>Un classement \u00e9tabli par TripAdvisor au pr\u00e8s de 1900 voyageurs Fran\u00e7ais a constat\u00e9 que 4 sur 5 d&rsquo;entre eux pr\u00e9voient rendre visite aux destinations suivantes.  <\/p>\n","protected":false},"author":5,"featured_media":1160,"comment_status":"closed","ping_status":"closed","sticky":false,"template":"","format":"standard","meta":{"_genesis_hide_title":false,"_genesis_hide_breadcrumbs":false,"_genesis_hide_singular_image":false,"_genesis_hide_footer_widgets":false,"_genesis_custom_body_class":"","_genesis_custom_post_class":"","_genesis_layout":""},"categories":[432,433],"tags":[224,226,225,223],"yoast_head":"<!-- This site is optimized with the Yoast SEO plugin v17.3 - https:\/\/yoast.com\/wordpress\/plugins\/seo\/ -->\n<title>Les destinations pr\u00e9f\u00e9r\u00e9es des Fran\u00e7ais pour les vacances - I Love Travelling<\/title>\n<meta name=\"description\" content=\"Une liste des destinations des vacances pr\u00e9f\u00e9r\u00e9es des Fran\u00e7ais.TripAdvisor nous pr\u00e9sente ce ranking r\u00e9cent, et on vous l explique.\" \/>\n<meta name=\"robots\" content=\"index, follow, max-snippet:-1, max-image-preview:large, max-video-preview:-1\" \/>\n<link rel=\"canonical\" href=\"https:\/\/ilovetravelling.info\/fr\/les-destinations-preferees-des-francais-pour-les-vacances\/\" \/>\n<meta property=\"og:locale\" content=\"fr_FR\" \/>\n<meta property=\"og:type\" content=\"article\" \/>\n<meta property=\"og:title\" content=\"Les destinations pr\u00e9f\u00e9r\u00e9es des Fran\u00e7ais pour les vacances - I Love Travelling\" \/>\n<meta property=\"og:description\" content=\"Une liste des destinations des vacances pr\u00e9f\u00e9r\u00e9es des Fran\u00e7ais.TripAdvisor nous pr\u00e9sente ce ranking r\u00e9cent, et on vous l explique.\" \/>\n<meta property=\"og:url\" content=\"https:\/\/ilovetravelling.info\/fr\/les-destinations-preferees-des-francais-pour-les-vacances\/\" \/>\n<meta property=\"og:site_name\" content=\"I Love Travelling\" \/>\n<meta property=\"article:published_time\" content=\"2019-09-11T09:06:38+00:00\" \/>\n<meta property=\"article:modified_time\" content=\"2019-09-11T09:06:39+00:00\" \/>\n<meta property=\"og:image\" content=\"https:\/\/ilovetravelling.info\/wp-content\/uploads\/2019\/09\/blake-guidry-p9vr45T2scg-unsplash-1.jpg\" \/>\n\t<meta property=\"og:image:width\" content=\"5550\" \/>\n\t<meta property=\"og:image:height\" content=\"4000\" \/>\n<meta name=\"twitter:card\" content=\"summary_large_image\" \/>\n<meta name=\"twitter:label1\" content=\"\u00c9crit par\" \/>\n\t<meta name=\"twitter:data1\" content=\"Sahar Ajjab\" \/>\n\t<meta name=\"twitter:label2\" content=\"Dur\u00e9e de lecture estim\u00e9e\" \/>\n\t<meta name=\"twitter:data2\" content=\"2 minutes\" \/>\n<script type=\"application\/ld+json\" class=\"yoast-schema-graph\">{\"@context\":\"https:\/\/schema.org\",\"@graph\":[{\"@type\":\"WebSite\",\"@id\":\"https:\/\/ilovetravelling.info\/#website\",\"url\":\"https:\/\/ilovetravelling.info\/\",\"name\":\"I Love Travelling\",\"description\":\"\",\"potentialAction\":[{\"@type\":\"SearchAction\",\"target\":{\"@type\":\"EntryPoint\",\"urlTemplate\":\"https:\/\/ilovetravelling.info\/?s={search_term_string}\"},\"query-input\":\"required name=search_term_string\"}],\"inLanguage\":\"fr-FR\"},{\"@type\":\"ImageObject\",\"@id\":\"https:\/\/ilovetravelling.info\/fr\/les-destinations-preferees-des-francais-pour-les-vacances\/#primaryimage\",\"inLanguage\":\"fr-FR\",\"url\":\"https:\/\/ilovetravelling.info\/wp-content\/uploads\/2019\/09\/blake-guidry-p9vr45T2scg-unsplash-1-scaled.jpg\",\"contentUrl\":\"https:\/\/ilovetravelling.info\/wp-content\/uploads\/2019\/09\/blake-guidry-p9vr45T2scg-unsplash-1-scaled.jpg\",\"width\":2560,\"height\":1845,\"caption\":\"Photo by Blake Guidry on Unsplash\"},{\"@type\":\"WebPage\",\"@id\":\"https:\/\/ilovetravelling.info\/fr\/les-destinations-preferees-des-francais-pour-les-vacances\/#webpage\",\"url\":\"https:\/\/ilovetravelling.info\/fr\/les-destinations-preferees-des-francais-pour-les-vacances\/\",\"name\":\"Les destinations pr\\u00e9f\\u00e9r\\u00e9es des Fran\\u00e7ais pour les vacances - I Love Travelling\",\"isPartOf\":{\"@id\":\"https:\/\/ilovetravelling.info\/#website\"},\"primaryImageOfPage\":{\"@id\":\"https:\/\/ilovetravelling.info\/fr\/les-destinations-preferees-des-francais-pour-les-vacances\/#primaryimage\"},\"datePublished\":\"2019-09-11T09:06:38+00:00\",\"dateModified\":\"2019-09-11T09:06:39+00:00\",\"author\":{\"@id\":\"https:\/\/ilovetravelling.info\/#\/schema\/person\/d9a289e982cbeeb16733047d0a895eed\"},\"description\":\"Une liste des destinations des vacances pr\\u00e9f\\u00e9r\\u00e9es des Fran\\u00e7ais.TripAdvisor nous pr\\u00e9sente ce ranking r\\u00e9cent, et on vous l explique.\",\"breadcrumb\":{\"@id\":\"https:\/\/ilovetravelling.info\/fr\/les-destinations-preferees-des-francais-pour-les-vacances\/#breadcrumb\"},\"inLanguage\":\"fr-FR\",\"potentialAction\":[{\"@type\":\"ReadAction\",\"target\":[\"https:\/\/ilovetravelling.info\/fr\/les-destinations-preferees-des-francais-pour-les-vacances\/\"]}]},{\"@type\":\"BreadcrumbList\",\"@id\":\"https:\/\/ilovetravelling.info\/fr\/les-destinations-preferees-des-francais-pour-les-vacances\/#breadcrumb\",\"itemListElement\":[{\"@type\":\"ListItem\",\"position\":1,\"name\":\"Portada\",\"item\":\"https:\/\/ilovetravelling.info\/fr\/\"},{\"@type\":\"ListItem\",\"position\":2,\"name\":\"Les destinations pr\\u00e9f\\u00e9r\\u00e9es des Fran\\u00e7ais pour les vacances\"}]},{\"@type\":\"Person\",\"@id\":\"https:\/\/ilovetravelling.info\/#\/schema\/person\/d9a289e982cbeeb16733047d0a895eed\",\"name\":\"Sahar Ajjab\",\"image\":{\"@type\":\"ImageObject\",\"@id\":\"https:\/\/ilovetravelling.info\/#personlogo\",\"inLanguage\":\"fr-FR\",\"url\":\"https:\/\/secure.gravatar.com\/avatar\/d550ba272a3908a156b3342adeb595dd?s=96&d=mm&r=g\",\"contentUrl\":\"https:\/\/secure.gravatar.com\/avatar\/d550ba272a3908a156b3342adeb595dd?s=96&d=mm&r=g\",\"caption\":\"Sahar Ajjab\"},\"url\":\"https:\/\/ilovetravelling.info\/fr\/author\/sahar-ajjad\/\"}]}<\/script>\n<!-- \/ Yoast SEO plugin. -->","yoast_head_json":{"title":"Les destinations pr\u00e9f\u00e9r\u00e9es des Fran\u00e7ais pour les vacances - I Love Travelling","description":"Une liste des destinations des vacances pr\u00e9f\u00e9r\u00e9es des Fran\u00e7ais.TripAdvisor nous pr\u00e9sente ce ranking r\u00e9cent, et on vous l explique.","robots":{"index":"index","follow":"follow","max-snippet":"max-snippet:-1","max-image-preview":"max-image-preview:large","max-video-preview":"max-video-preview:-1"},"canonical":"https:\/\/ilovetravelling.info\/fr\/les-destinations-preferees-des-francais-pour-les-vacances\/","og_locale":"fr_FR","og_type":"article","og_title":"Les destinations pr\u00e9f\u00e9r\u00e9es des Fran\u00e7ais pour les vacances - I Love Travelling","og_description":"Une liste des destinations des vacances pr\u00e9f\u00e9r\u00e9es des Fran\u00e7ais.TripAdvisor nous pr\u00e9sente ce ranking r\u00e9cent, et on vous l explique.","og_url":"https:\/\/ilovetravelling.info\/fr\/les-destinations-preferees-des-francais-pour-les-vacances\/","og_site_name":"I Love Travelling","article_published_time":"2019-09-11T09:06:38+00:00","article_modified_time":"2019-09-11T09:06:39+00:00","og_image":[{"width":5550,"height":4000,"url":"https:\/\/ilovetravelling.info\/wp-content\/uploads\/2019\/09\/blake-guidry-p9vr45T2scg-unsplash-1.jpg","type":"image\/jpeg"}],"twitter_card":"summary_large_image","twitter_misc":{"\u00c9crit par":"Sahar Ajjab","Dur\u00e9e de lecture estim\u00e9e":"2 minutes"},"schema":{"@context":"https:\/\/schema.org","@graph":[{"@type":"WebSite","@id":"https:\/\/ilovetravelling.info\/#website","url":"https:\/\/ilovetravelling.info\/","name":"I Love Travelling","description":"","potentialAction":[{"@type":"SearchAction","target":{"@type":"EntryPoint","urlTemplate":"https:\/\/ilovetravelling.info\/?s={search_term_string}"},"query-input":"required name=search_term_string"}],"inLanguage":"fr-FR"},{"@type":"ImageObject","@id":"https:\/\/ilovetravelling.info\/fr\/les-destinations-preferees-des-francais-pour-les-vacances\/#primaryimage","inLanguage":"fr-FR","url":"https:\/\/ilovetravelling.info\/wp-content\/uploads\/2019\/09\/blake-guidry-p9vr45T2scg-unsplash-1-scaled.jpg","contentUrl":"https:\/\/ilovetravelling.info\/wp-content\/uploads\/2019\/09\/blake-guidry-p9vr45T2scg-unsplash-1-scaled.jpg","width":2560,"height":1845,"caption":"Photo by Blake Guidry on Unsplash"},{"@type":"WebPage","@id":"https:\/\/ilovetravelling.info\/fr\/les-destinations-preferees-des-francais-pour-les-vacances\/#webpage","url":"https:\/\/ilovetravelling.info\/fr\/les-destinations-preferees-des-francais-pour-les-vacances\/","name":"Les destinations pr\u00e9f\u00e9r\u00e9es des Fran\u00e7ais pour les vacances - I Love Travelling","isPartOf":{"@id":"https:\/\/ilovetravelling.info\/#website"},"primaryImageOfPage":{"@id":"https:\/\/ilovetravelling.info\/fr\/les-destinations-preferees-des-francais-pour-les-vacances\/#primaryimage"},"datePublished":"2019-09-11T09:06:38+00:00","dateModified":"2019-09-11T09:06:39+00:00","author":{"@id":"https:\/\/ilovetravelling.info\/#\/schema\/person\/d9a289e982cbeeb16733047d0a895eed"},"description":"Une liste des destinations des vacances pr\u00e9f\u00e9r\u00e9es des Fran\u00e7ais.TripAdvisor nous pr\u00e9sente ce ranking r\u00e9cent, et on vous l explique.","breadcrumb":{"@id":"https:\/\/ilovetravelling.info\/fr\/les-destinations-preferees-des-francais-pour-les-vacances\/#breadcrumb"},"inLanguage":"fr-FR","potentialAction":[{"@type":"ReadAction","target":["https:\/\/ilovetravelling.info\/fr\/les-destinations-preferees-des-francais-pour-les-vacances\/"]}]},{"@type":"BreadcrumbList","@id":"https:\/\/ilovetravelling.info\/fr\/les-destinations-preferees-des-francais-pour-les-vacances\/#breadcrumb","itemListElement":[{"@type":"ListItem","position":1,"name":"Portada","item":"https:\/\/ilovetravelling.info\/fr\/"},{"@type":"ListItem","position":2,"name":"Les destinations pr\u00e9f\u00e9r\u00e9es des Fran\u00e7ais pour les vacances"}]},{"@type":"Person","@id":"https:\/\/ilovetravelling.info\/#\/schema\/person\/d9a289e982cbeeb16733047d0a895eed","name":"Sahar Ajjab","image":{"@type":"ImageObject","@id":"https:\/\/ilovetravelling.info\/#personlogo","inLanguage":"fr-FR","url":"https:\/\/secure.gravatar.com\/avatar\/d550ba272a3908a156b3342adeb595dd?s=96&d=mm&r=g","contentUrl":"https:\/\/secure.gravatar.com\/avatar\/d550ba272a3908a156b3342adeb595dd?s=96&d=mm&r=g","caption":"Sahar Ajjab"},"url":"https:\/\/ilovetravelling.info\/fr\/author\/sahar-ajjad\/"}]}},"uagb_featured_image_src":{"full":["https:\/\/ilovetravelling.info\/wp-content\/uploads\/2019\/09\/blake-guidry-p9vr45T2scg-unsplash-1-scaled.jpg",2560,1845,false],"thumbnail":["https:\/\/ilovetravelling.info\/wp-content\/uploads\/2019\/09\/blake-guidry-p9vr45T2scg-unsplash-1-150x150.jpg",150,150,true],"medium":["https:\/\/ilovetravelling.info\/wp-content\/uploads\/2019\/09\/blake-guidry-p9vr45T2scg-unsplash-1-300x216.jpg",300,216,true],"medium_large":["https:\/\/ilovetravelling.info\/wp-content\/uploads\/2019\/09\/blake-guidry-p9vr45T2scg-unsplash-1-768x554.jpg",768,554,true],"large":["https:\/\/ilovetravelling.info\/wp-content\/uploads\/2019\/09\/blake-guidry-p9vr45T2scg-unsplash-1-1024x738.jpg",1024,738,true],"1536x1536":["https:\/\/ilovetravelling.info\/wp-content\/uploads\/2019\/09\/blake-guidry-p9vr45T2scg-unsplash-1-1536x1107.jpg",1536,1107,true],"2048x2048":["https:\/\/ilovetravelling.info\/wp-content\/uploads\/2019\/09\/blake-guidry-p9vr45T2scg-unsplash-1-scaled.jpg",2048,1476,false],"sidebar-featured":["https:\/\/ilovetravelling.info\/wp-content\/uploads\/2019\/09\/blake-guidry-p9vr45T2scg-unsplash-1-scaled.jpg",75,54,false],"genesis-singular-images":["https:\/\/ilovetravelling.info\/wp-content\/uploads\/2019\/09\/blake-guidry-p9vr45T2scg-unsplash-1-scaled.jpg",702,506,false]},"uagb_author_info":{"display_name":"Sahar Ajjab","author_link":"https:\/\/ilovetravelling.info\/fr\/author\/sahar-ajjad\/"},"uagb_comment_info":0,"uagb_excerpt":"Un classement \u00e9tabli par TripAdvisor au pr\u00e8s de 1900 voyageurs Fran\u00e7ais a constat\u00e9 que 4 sur 5 d'entre eux pr\u00e9voient rendre visite aux destinations suivantes.","_links":{"self":[{"href":"https:\/\/ilovetravelling.info\/fr\/wp-json\/wp\/v2\/posts\/1147"}],"collection":[{"href":"https:\/\/ilovetravelling.info\/fr\/wp-json\/wp\/v2\/posts"}],"about":[{"href":"https:\/\/ilovetravelling.info\/fr\/wp-json\/wp\/v2\/types\/post"}],"author":[{"embeddable":true,"href":"https:\/\/ilovetravelling.info\/fr\/wp-json\/wp\/v2\/users\/5"}],"replies":[{"embeddable":true,"href":"https:\/\/ilovetravelling.info\/fr\/wp-json\/wp\/v2\/comments?post=1147"}],"version-history":[{"count":6,"href":"https:\/\/ilovetravelling.info\/fr\/wp-json\/wp\/v2\/posts\/1147\/revisions"}],"predecessor-version":[{"id":1165,"href":"https:\/\/ilovetravelling.info\/fr\/wp-json\/wp\/v2\/posts\/1147\/revisions\/1165"}],"wp:featuredmedia":[{"embeddable":true,"href":"https:\/\/ilovetravelling.info\/fr\/wp-json\/wp\/v2\/media\/1160"}],"wp:attachment":[{"href":"https:\/\/ilovetravelling.info\/fr\/wp-json\/wp\/v2\/media?parent=1147"}],"wp:term":[{"taxonomy":"category","embeddable":true,"href":"https:\/\/ilovetravelling.info\/fr\/wp-json\/wp\/v2\/categories?post=1147"},{"taxonomy":"post_tag","embeddable":true,"href":"https:\/\/ilovetravelling.info\/fr\/wp-json\/wp\/v2\/tags?post=1147"}],"curies":[{"name":"wp","href":"https:\/\/api.w.org\/{rel}","templated":true}]}}